{"id":940,"date":"2025-02-02T09:25:49","date_gmt":"2025-02-02T08:25:49","guid":{"rendered":"https:\/\/lesrosesdunoises28.fr\/?p=940"},"modified":"2026-03-02T16:55:59","modified_gmt":"2026-03-02T15:55:59","slug":"assemblee-generale","status":"publish","type":"post","link":"https:\/\/lesrosesdunoises28.fr\/?p=940","title":{"rendered":"Assembl\u00e9e G\u00e9n\u00e9rale 2025"},"content":{"rendered":"\n<figure class=\"wp-block-image size-large\"><img loading=\"lazy\" decoding=\"async\" width=\"1024\" height=\"463\" src=\"https:\/\/lesrosesdunoises28.fr\/wp-content\/uploads\/2025\/02\/AGRD-008-1024x463.jpg\" alt=\"Participants \u00e0 L'AG 2025\" class=\"wp-image-944\" srcset=\"https:\/\/lesrosesdunoises28.fr\/wp-content\/uploads\/2025\/02\/AGRD-008-1024x463.jpg 1024w, https:\/\/lesrosesdunoises28.fr\/wp-content\/uploads\/2025\/02\/AGRD-008-300x136.jpg 300w, https:\/\/lesrosesdunoises28.fr\/wp-content\/uploads\/2025\/02\/AGRD-008-768x348.jpg 768w, https:\/\/lesrosesdunoises28.fr\/wp-content\/uploads\/2025\/02\/AGRD-008-150x68.jpg 150w, https:\/\/lesrosesdunoises28.fr\/wp-content\/uploads\/2025\/02\/AGRD-008-1000x453.jpg 1000w, https:\/\/lesrosesdunoises28.fr\/wp-content\/uploads\/2025\/02\/AGRD-008.jpg 1200w\" sizes=\"auto, (max-width: 1024px) 100vw, 1024px\" \/><\/figure>\n\n\n\n<p>L&rsquo;Assembl\u00e9e G\u00e9n\u00e9rale des Roses Dunoises s&rsquo;est d\u00e9roul\u00e9e le samedi 08 f\u00e9vrier 2025 \u00e0 la salle Jean Delabrouille de Ch\u00e2teaudun dans une bonne ambiance.<br>Vente de primev\u00e8res aupr\u00e8s des Kiwanis; stands\u00a0pour le d\u00e9pistage \u00e0 l\u2019H\u00f4pital; participation au T\u00e9l\u00e9thon, Zumba rose au cot\u00e9 de Sport Sant\u00e9 28, pr\u00e9sentation de l&rsquo;association chez Hutchinson\/Paulstra et la marche rose du 13 octobre, qui a battu tous les records de participation, telles sont les actions men\u00e9es par les Roses Dunoises pour l&rsquo;ann\u00e9e 2024.<br>Toutes ces actions ont permis de reverser <strong>5200\u20ac<\/strong> \u00e0 la Ligue contre le Cancer 28.<\/p>\n\n\n\n<p>Apr\u00e8s le renouvellement du bureau, la pr\u00e9sentation des comptes et des projets,  l&rsquo;AG s&rsquo;est termin\u00e9e par un pot de l&rsquo;amiti\u00e9. <\/p>\n\n\n\n<p><\/p>\n","protected":false},"excerpt":{"rendered":"<p>L&rsquo;Assembl\u00e9e G\u00e9n\u00e9rale des Roses Dunoises s&rsquo;est d\u00e9roul\u00e9e le samedi 08 f\u00e9vrier 2025 \u00e0 la salle Jean Delabrouille de Ch\u00e2teaudun dans une bonne ambiance.Vente de primev\u00e8res aupr\u00e8s des Kiwanis; stands\u00a0pour le d\u00e9pistage \u00e0 l\u2019H\u00f4pital; participation au T\u00e9l\u00e9thon, Zumba rose au cot\u00e9 de Sport Sant\u00e9 28, pr\u00e9sentation de l&rsquo;association chez Hutchinson\/Paulstra et la marche rose du 13 [&hellip;]<\/p>\n","protected":false},"author":3,"featured_media":0,"comment_status":"closed","ping_status":"open","sticky":false,"template":"","format":"standard","meta":{"footnotes":""},"categories":[3],"tags":[],"class_list":["post-940","post","type-post","status-publish","format-standard","hentry","category-actualite"],"_links":{"self":[{"href":"https:\/\/lesrosesdunoises28.fr\/index.php?rest_route=\/wp\/v2\/posts\/940","targetHints":{"allow":["GET"]}}],"collection":[{"href":"https:\/\/lesrosesdunoises28.fr\/index.php?rest_route=\/wp\/v2\/posts"}],"about":[{"href":"https:\/\/lesrosesdunoises28.fr\/index.php?rest_route=\/wp\/v2\/types\/post"}],"author":[{"embeddable":true,"href":"https:\/\/lesrosesdunoises28.fr\/index.php?rest_route=\/wp\/v2\/users\/3"}],"replies":[{"embeddable":true,"href":"https:\/\/lesrosesdunoises28.fr\/index.php?rest_route=%2Fwp%2Fv2%2Fcomments&post=940"}],"version-history":[{"count":5,"href":"https:\/\/lesrosesdunoises28.fr\/index.php?rest_route=\/wp\/v2\/posts\/940\/revisions"}],"predecessor-version":[{"id":1132,"href":"https:\/\/lesrosesdunoises28.fr\/index.php?rest_route=\/wp\/v2\/posts\/940\/revisions\/1132"}],"wp:attachment":[{"href":"https:\/\/lesrosesdunoises28.fr\/index.php?rest_route=%2Fwp%2Fv2%2Fmedia&parent=940"}],"wp:term":[{"taxonomy":"category","embeddable":true,"href":"https:\/\/lesrosesdunoises28.fr\/index.php?rest_route=%2Fwp%2Fv2%2Fcategories&post=940"},{"taxonomy":"post_tag","embeddable":true,"href":"https:\/\/lesrosesdunoises28.fr\/index.php?rest_route=%2Fwp%2Fv2%2Ftags&post=940"}],"curies":[{"name":"wp","href":"https:\/\/api.w.org\/{rel}","templated":true}]}}