{"id":612,"date":"2023-09-09T19:59:13","date_gmt":"2023-09-09T17:59:13","guid":{"rendered":"https:\/\/lesrosesdunoises28.fr\/?p=612"},"modified":"2023-11-26T09:52:16","modified_gmt":"2023-11-26T08:52:16","slug":"les-roses-dunoises-a-la-fete-des-associations","status":"publish","type":"post","link":"https:\/\/lesrosesdunoises28.fr\/?p=612","title":{"rendered":"Les Roses Dunoises \u00e0 la f\u00eate des associations."},"content":{"rendered":"\n<p><\/p>\n\n\n\n<p>Les Roses Dunoises remercient toutes les personnes qui sont venues \u00e0 leur rencontre et ont manifest\u00e9 leur int\u00e9r\u00eat pour cette sixieme  marche. <\/p>\n\n\n\n<p>Merci aux futurs marcheurs, d\u00e9j\u00e0 plus de quarante inscrits !<\/p>\n\n\n\n<p>Pour rappel, les inscriptions sont ouvertes jusqu&rsquo;au 30 septembre.<\/p>\n\n\n\n<figure class=\"wp-block-image size-large\"><img loading=\"lazy\" decoding=\"async\" width=\"1024\" height=\"768\" src=\"https:\/\/lesrosesdunoises28.fr\/wp-content\/uploads\/2023\/09\/Journee-Assoc2023-1-1024x768.jpg\" alt=\"\" class=\"wp-image-614\" srcset=\"https:\/\/lesrosesdunoises28.fr\/wp-content\/uploads\/2023\/09\/Journee-Assoc2023-1-1024x768.jpg 1024w, https:\/\/lesrosesdunoises28.fr\/wp-content\/uploads\/2023\/09\/Journee-Assoc2023-1-300x225.jpg 300w, https:\/\/lesrosesdunoises28.fr\/wp-content\/uploads\/2023\/09\/Journee-Assoc2023-1-768x576.jpg 768w, https:\/\/lesrosesdunoises28.fr\/wp-content\/uploads\/2023\/09\/Journee-Assoc2023-1-1536x1152.jpg 1536w, https:\/\/lesrosesdunoises28.fr\/wp-content\/uploads\/2023\/09\/Journee-Assoc2023-1-150x113.jpg 150w, https:\/\/lesrosesdunoises28.fr\/wp-content\/uploads\/2023\/09\/Journee-Assoc2023-1-1000x750.jpg 1000w, https:\/\/lesrosesdunoises28.fr\/wp-content\/uploads\/2023\/09\/Journee-Assoc2023-1.jpg 1600w\" sizes=\"auto, (max-width: 1024px) 100vw, 1024px\" \/><\/figure>\n\n\n\n<p>L&rsquo;association remercie la ville de Ch\u00e2teaudun pour l&rsquo;organisation de cette manifestation et pour son accueil. Les petites bouteilles d&rsquo;eau ont \u00e9t\u00e9 tr\u00e8s appr\u00e9ci\u00e9es.<\/p>\n","protected":false},"excerpt":{"rendered":"<p>Les Roses Dunoises remercient toutes les personnes qui sont venues \u00e0 leur rencontre et ont manifest\u00e9 leur int\u00e9r\u00eat pour cette sixieme marche. Merci aux futurs marcheurs, d\u00e9j\u00e0 plus de quarante inscrits ! Pour rappel, les inscriptions sont ouvertes jusqu&rsquo;au 30 septembre. L&rsquo;association remercie la ville de Ch\u00e2teaudun pour l&rsquo;organisation de cette manifestation et pour son [&hellip;]<\/p>\n","protected":false},"author":3,"featured_media":0,"comment_status":"closed","ping_status":"closed","sticky":false,"template":"","format":"standard","meta":{"footnotes":""},"categories":[3],"tags":[],"class_list":["post-612","post","type-post","status-publish","format-standard","hentry","category-actualite"],"_links":{"self":[{"href":"https:\/\/lesrosesdunoises28.fr\/index.php?rest_route=\/wp\/v2\/posts\/612","targetHints":{"allow":["GET"]}}],"collection":[{"href":"https:\/\/lesrosesdunoises28.fr\/index.php?rest_route=\/wp\/v2\/posts"}],"about":[{"href":"https:\/\/lesrosesdunoises28.fr\/index.php?rest_route=\/wp\/v2\/types\/post"}],"author":[{"embeddable":true,"href":"https:\/\/lesrosesdunoises28.fr\/index.php?rest_route=\/wp\/v2\/users\/3"}],"replies":[{"embeddable":true,"href":"https:\/\/lesrosesdunoises28.fr\/index.php?rest_route=%2Fwp%2Fv2%2Fcomments&post=612"}],"version-history":[{"count":4,"href":"https:\/\/lesrosesdunoises28.fr\/index.php?rest_route=\/wp\/v2\/posts\/612\/revisions"}],"predecessor-version":[{"id":618,"href":"https:\/\/lesrosesdunoises28.fr\/index.php?rest_route=\/wp\/v2\/posts\/612\/revisions\/618"}],"wp:attachment":[{"href":"https:\/\/lesrosesdunoises28.fr\/index.php?rest_route=%2Fwp%2Fv2%2Fmedia&parent=612"}],"wp:term":[{"taxonomy":"category","embeddable":true,"href":"https:\/\/lesrosesdunoises28.fr\/index.php?rest_route=%2Fwp%2Fv2%2Fcategories&post=612"},{"taxonomy":"post_tag","embeddable":true,"href":"https:\/\/lesrosesdunoises28.fr\/index.php?rest_route=%2Fwp%2Fv2%2Ftags&post=612"}],"curies":[{"name":"wp","href":"https:\/\/api.w.org\/{rel}","templated":true}]}}