{"id":1070,"date":"2025-10-16T20:50:58","date_gmt":"2025-10-16T18:50:58","guid":{"rendered":"https:\/\/lesrosesdunoises28.fr\/?p=1070"},"modified":"2025-10-19T17:33:37","modified_gmt":"2025-10-19T15:33:37","slug":"un-grand-merci-2","status":"publish","type":"post","link":"https:\/\/lesrosesdunoises28.fr\/?p=1070","title":{"rendered":"Un grand merci"},"content":{"rendered":"\n<p>Les Roses Dunoises tiennent \u00e0 remercier<\/p>\n\n\n\n<ul class=\"wp-block-list\">\n<li>Mme La Conseill\u00e8re D\u00e9partementale Alice Baudet pour sa pr\u00e9sence et son soutien financier.<\/li>\n\n\n\n<li>Le Cr\u00e9dit Agricole Val de France pour son soutien financier.<\/li>\n\n\n\n<li>La Mairie de Ch\u00e2teaudun pour son soutien financier et logistique.<\/li>\n\n\n\n<li>M. le D\u00e9put\u00e9 Philippe Vigier pour sa pr\u00e9sence.<\/li>\n\n\n\n<li>Hope Coiff Charl\u00e8ne \u00e0 Marbou\u00e9 pour son soutien financier.<\/li>\n<\/ul>\n\n\n\n<ul class=\"wp-block-list\">\n<li>Alys\u00e9a pour ses conseils et le flocage des tee-shirts.<\/li>\n\n\n\n<li>La Paulstra pour le petit d\u00e9jeuner offert aux marcheurs.<\/li>\n\n\n\n<li>R\u00e9mon pour le dessin du logo du tee-shirt.<\/li>\n\n\n\n<li>L\u2019Echo R\u00e9publicain.<\/li>\n\n\n\n<li>Radio Intensit\u00e9.<\/li>\n\n\n\n<li>La boulangerie Tartines et Gourmandises.<\/li>\n\n\n\n<li>Intermarch\u00e9 les Garennes.<\/li>\n<\/ul>\n\n\n\n<p>Pour leur g\u00e9n\u00e9rosit\u00e9 pour la tombola<\/p>\n\n\n\n<ul class=\"wp-block-list\">\n<li>Le magasin Ambiance de fleurs d&rsquo;Intermarch\u00e9 les Garennes.<\/li>\n\n\n\n<li>La pharmacie Fabre et Meurisse.<\/li>\n\n\n\n<li>La Bijouterie De Souza Chevalier.<\/li>\n\n\n\n<li>Les Opticiens Regard d\u2019Antan.<\/li>\n\n\n\n<li>L\u2019Institut Diane Esth\u00e9tique par M\u00e9lanie.<\/li>\n\n\n\n<li>La Librairie du Coin.<\/li>\n\n\n\n<li>Jou\u00e9 Club de Saint Denis les Ponts.<\/li>\n\n\n\n<li>La Cr\u00eaperie l\u2019Incontournable.<\/li>\n\n\n\n<li>La Pizzeria Monte Bianco.<\/li>\n\n\n\n<li>Chaussures et maroquinerie Innabella.<\/li>\n\n\n\n<li>Les Dessous d\u2019Aphrodite.<\/li>\n\n\n\n<li>La Cave du Perche.<\/li>\n<\/ul>\n\n\n\n<p>Les Roses Dunoises remercient M. Julien Cohen de leur avoir permis, cette ann\u00e9e encore, de traverser les jardins de l\u2019h\u00f4tel Dieu pendant cette huiti\u00e8me marche.<\/p>\n\n\n\n<p>Un grand merci \u00e0 Emilie pour ses boucles d\u2019oreilles, ses badges\u2026. qui cette ann\u00e9e encore ont rencontr\u00e9 un beau succ\u00e8s.<\/p>\n\n\n\n<p>Merci \u00e0 Didier pour ses photos et \u00e0 Eric pour la sono.<\/p>\n\n\n\n<p>Un merci \u00e0 nos gilets jaunes\u00a0: Brigitte, Christine, Claire, Corinne, Martine, Paulette, Val\u00e9rie, Alain, Alexis, Aymeric, Guy, Lionel, Olivier, Pascal, Pierre, St\u00e9phane \u2026<\/p>\n\n\n\n<p>&#8230;.. et rendez-vous en 2026 pour la neuvi\u00e8me \u00e9dition qui se tiendra le 11 octobre 2026.<\/p>\n","protected":false},"excerpt":{"rendered":"<p>Les Roses Dunoises tiennent \u00e0 remercier Pour leur g\u00e9n\u00e9rosit\u00e9 pour la tombola Les Roses Dunoises remercient M. Julien Cohen de leur avoir permis, cette ann\u00e9e encore, de traverser les jardins de l\u2019h\u00f4tel Dieu pendant cette huiti\u00e8me marche. Un grand merci \u00e0 Emilie pour ses boucles d\u2019oreilles, ses badges\u2026. qui cette ann\u00e9e encore ont rencontr\u00e9 un [&hellip;]<\/p>\n","protected":false},"author":3,"featured_media":0,"comment_status":"closed","ping_status":"open","sticky":true,"template":"","format":"standard","meta":{"footnotes":""},"categories":[1],"tags":[],"class_list":["post-1070","post","type-post","status-publish","format-standard","hentry","category-non-classe"],"_links":{"self":[{"href":"https:\/\/lesrosesdunoises28.fr\/index.php?rest_route=\/wp\/v2\/posts\/1070","targetHints":{"allow":["GET"]}}],"collection":[{"href":"https:\/\/lesrosesdunoises28.fr\/index.php?rest_route=\/wp\/v2\/posts"}],"about":[{"href":"https:\/\/lesrosesdunoises28.fr\/index.php?rest_route=\/wp\/v2\/types\/post"}],"author":[{"embeddable":true,"href":"https:\/\/lesrosesdunoises28.fr\/index.php?rest_route=\/wp\/v2\/users\/3"}],"replies":[{"embeddable":true,"href":"https:\/\/lesrosesdunoises28.fr\/index.php?rest_route=%2Fwp%2Fv2%2Fcomments&post=1070"}],"version-history":[{"count":9,"href":"https:\/\/lesrosesdunoises28.fr\/index.php?rest_route=\/wp\/v2\/posts\/1070\/revisions"}],"predecessor-version":[{"id":1082,"href":"https:\/\/lesrosesdunoises28.fr\/index.php?rest_route=\/wp\/v2\/posts\/1070\/revisions\/1082"}],"wp:attachment":[{"href":"https:\/\/lesrosesdunoises28.fr\/index.php?rest_route=%2Fwp%2Fv2%2Fmedia&parent=1070"}],"wp:term":[{"taxonomy":"category","embeddable":true,"href":"https:\/\/lesrosesdunoises28.fr\/index.php?rest_route=%2Fwp%2Fv2%2Fcategories&post=1070"},{"taxonomy":"post_tag","embeddable":true,"href":"https:\/\/lesrosesdunoises28.fr\/index.php?rest_route=%2Fwp%2Fv2%2Ftags&post=1070"}],"curies":[{"name":"wp","href":"https:\/\/api.w.org\/{rel}","templated":true}]}}